{"id":10005728,"global_id":"cyrkus.eu\/pl\/?id=10005728","global_id_lineage":["cyrkus.eu\/pl\/?id=10005728"],"author":"9","status":"publish","date":"2026-02-03 14:02:20","date_utc":"2026-02-03 13:02:20","modified":"2026-03-19 14:58:19","modified_utc":"2026-03-19 13:58:19","url":"https:\/\/cyrkus.eu\/pl\/event\/manege-frei-cyrkus-goerlitzgorzelec-trifft-jugendblasorchester\/2026-05-08\/","rest_url":"https:\/\/cyrkus.eu\/pl\/wp-json\/tribe\/events\/v1\/events\/10005728","title":"Manage frei  CYRKUS G\u00f6rlitZgorzelec spotzka si\u0119 z JugendBlasOrchester:","description":"<div class=\"gmail-x14z9mp gmail-xat24cr gmail-x1lziwak gmail-x1vvkbs gmail-xtlvy1s gmail-x126k92a\">\n<div dir=\"auto\">Rhythmen f\u00fcr die passende Atmosph\u00e4re sorgen, zeigen unsere Artistinnen und Artisten ihr K\u00f6nnen in der Manege.<span class=\"gmail-html-span gmail-xexx8yu gmail-xyri2b gmail-x18d9i69 gmail-x1c1uobl gmail-x1hl2dhg gmail-x16tdsg8 gmail-x1vvkbs gmail-x3nfvp2 gmail-x1j61x8r gmail-x1fcty0u gmail-xdj266r gmail-xat24cr gmail-xm2jcoa gmail-x1mpyi22 gmail-xxymvpz gmail-xlup9mm gmail-x1kky2od\"><img loading=\"lazy\" decoding=\"async\" class=\"gmail-xz74otr gmail-x15mokao gmail-x1ga7v0g gmail-x16uus16 gmail-xbiv7yw\" src=\"https:\/\/static.xx.fbcdn.net\/images\/emoji.php\/v9\/t2b\/1\/16\/1f3aa.png\" alt=\"\ud83c\udfaa\" width=\"16\" height=\"16\" \/><\/span><\/div>\n<\/div>\n<div class=\"gmail-x14z9mp gmail-xat24cr gmail-x1lziwak gmail-x1vvkbs gmail-xtlvy1s gmail-x126k92a\">\n<div dir=\"auto\">Wsp\u00f3lnie z M\u0142odzie\u017cow\u0105 Orkiestr\u0105 D\u0119t\u0105 szko\u0142y muzycznej \u201eJohann Adam Hiller\u201d w G\u00f6rlitz w maju przeniesiemy muzyk\u0119 i sztuk\u0119 cyrkow\u0105 na jedn\u0105 scene.<span class=\"gmail-html-span gmail-xexx8yu gmail-xyri2b gmail-x18d9i69 gmail-x1c1uobl gmail-x1hl2dhg gmail-x16tdsg8 gmail-x1vvkbs gmail-x3nfvp2 gmail-x1j61x8r gmail-x1fcty0u gmail-xdj266r gmail-xat24cr gmail-xm2jcoa gmail-x1mpyi22 gmail-xxymvpz gmail-xlup9mm gmail-x1kky2od\"><img loading=\"lazy\" decoding=\"async\" class=\"gmail-xz74otr gmail-x15mokao gmail-x1ga7v0g gmail-x16uus16 gmail-xbiv7yw\" src=\"https:\/\/static.xx.fbcdn.net\/images\/emoji.php\/v9\/tf4\/1\/16\/2728.png\" alt=\"\u2728\" width=\"16\" height=\"16\" \/><\/span><\/div>\n<div dir=\"auto\"><\/div>\n<\/div>\n<div class=\"gmail-x14z9mp gmail-xat24cr gmail-x1lziwak gmail-x1vvkbs gmail-xtlvy1s gmail-x126k92a\">\n<div dir=\"auto\">Pod has\u0142em \u201eManege frei!\u201d czeka na Was barwny program pe\u0142en energii i cyrkowej magii. Podczas gdy m\u0142odzi muzycy zadbaj\u0105 o niesamowit\u0105 atmosfer\u0119 dzi\u0119ki porywaj\u0105cym rytmom, nasi arty\u015bci zaprezentuj\u0105 swoje umiej\u0119tno\u015bci na scenie.<span class=\"gmail-html-span gmail-xexx8yu gmail-xyri2b gmail-x18d9i69 gmail-x1c1uobl gmail-x1hl2dhg gmail-x16tdsg8 gmail-x1vvkbs gmail-x3nfvp2 gmail-x1j61x8r gmail-x1fcty0u gmail-xdj266r gmail-xat24cr gmail-xm2jcoa gmail-x1mpyi22 gmail-xxymvpz gmail-xlup9mm gmail-x1kky2od\"><img loading=\"lazy\" decoding=\"async\" class=\"gmail-xz74otr gmail-x15mokao gmail-x1ga7v0g gmail-x16uus16 gmail-xbiv7yw\" src=\"https:\/\/static.xx.fbcdn.net\/images\/emoji.php\/v9\/t2b\/1\/16\/1f3aa.png\" alt=\"\ud83c\udfaa\" width=\"16\" height=\"16\" \/><\/span><\/div>\n<div dir=\"auto\"><\/div>\n<\/div>\n<div class=\"gmail-x14z9mp gmail-xat24cr gmail-x1lziwak gmail-x1vvkbs gmail-xtlvy1s gmail-x126k92a\">\n<div dir=\"auto\"><span class=\"gmail-html-span gmail-xexx8yu gmail-xyri2b gmail-x18d9i69 gmail-x1c1uobl gmail-x1hl2dhg gmail-x16tdsg8 gmail-x1vvkbs gmail-x3nfvp2 gmail-x1j61x8r gmail-x1fcty0u gmail-xdj266r gmail-xat24cr gmail-xm2jcoa gmail-x1mpyi22 gmail-xxymvpz gmail-xlup9mm gmail-x1kky2od\"><img loading=\"lazy\" decoding=\"async\" class=\"gmail-xz74otr gmail-x15mokao gmail-x1ga7v0g gmail-x16uus16 gmail-xbiv7yw\" src=\"https:\/\/static.xx.fbcdn.net\/images\/emoji.php\/v9\/t15\/1\/16\/1f49b.png\" alt=\"\ud83d\udc9b\" width=\"16\" height=\"16\" \/><\/span>Chia\u0142aby\u015b\/ Chcia\u0142by\u015b wesprze\u0107 nasz projekt?<\/div>\n<div dir=\"auto\">Za pomoc\u0105 tego linku mo\u017cecie wesprze\u0107 koncert i wsp\u00f3\u0142prac\u0119 muzyki z cyrkiem poprzez darowizn\u0119:<\/div>\n<\/div>\n<div class=\"gmail-x14z9mp gmail-xat24cr gmail-x1lziwak gmail-x1vvkbs gmail-xtlvy1s gmail-x126k92a\">\n<div dir=\"auto\"><span class=\"gmail-html-span gmail-xdj266r gmail-x14z9mp gmail-xat24cr gmail-x1lziwak gmail-xexx8yu gmail-xyri2b gmail-x18d9i69 gmail-x1c1uobl gmail-x1hl2dhg gmail-x16tdsg8 gmail-x1vvkbs\"><a class=\"gmail-x1i10hfl gmail-xjbqb8w gmail-x1ejq31n gmail-x18oe1m7 gmail-x1sy0etr gmail-xstzfhl gmail-x972fbf gmail-x10w94by gmail-x1qhh985 gmail-x14e42zd gmail-x9f619 gmail-x1ypdohk gmail-xt0psk2 gmail-x3ct3a4 gmail-xdj266r gmail-x14z9mp gmail-xat24cr gmail-x1lziwak gmail-xexx8yu gmail-xyri2b gmail-x18d9i69 gmail-x1c1uobl gmail-x16tdsg8 gmail-x1hl2dhg gmail-xggy1nq gmail-x1a2a7pz gmail-xkrqix3 gmail-x1sur9pj gmail-x1fey0fg gmail-x1s688f\" tabindex=\"0\" role=\"link\" href=\"https:\/\/www.goerlitz-crowd.de\/CYRKUS-JBO-Jahreskonzert\" target=\"_blank\" rel=\"nofollow noopener noreferrer\">www.goerlitz-crowd.de\/CYRKUS-JBO-Jahreskonzert<\/a><\/span><\/div>\n<\/div>\n<p>&nbsp;<\/p>\n<p>Wyst\u0119puje: 12 \u20ac | 6 \u20ac<\/p>\n<p><a href=\"https:\/\/www.eventim-light.com\/de\/a\/691f30208400c336f2d0569b\" target=\"_blank\" rel=\"noopener\">Bilety dost\u0119pne s\u0105 tutaj<\/a><\/p>","excerpt":"","slug":"manege-frei-cyrkus-goerlitzgorzelec-trifft-jugendblasorchester","image":{"url":"https:\/\/cyrkus.eu\/wp-content\/uploads\/2026\/02\/cyrkus-jbo.jpg","id":11741,"extension":"jpg","width":1024,"height":1024,"filesize":134565,"sizes":{"medium":{"width":800,"height":800,"mime-type":"image\/jpeg","filesize":137835,"url":"https:\/\/cyrkus.eu\/wp-content\/uploads\/2026\/02\/cyrkus-jbo-800x800.jpg"},"thumbnail":{"width":340,"height":340,"mime-type":"image\/jpeg","filesize":36783,"url":"https:\/\/cyrkus.eu\/wp-content\/uploads\/2026\/02\/cyrkus-jbo-340x340.jpg"},"medium_large":{"width":768,"height":768,"mime-type":"image\/jpeg","filesize":130192,"url":"https:\/\/cyrkus.eu\/wp-content\/uploads\/2026\/02\/cyrkus-jbo-768x768.jpg"}}},"all_day":false,"start_date":"2026-05-08 19:00:00","start_date_details":{"year":"2026","month":"05","day":"08","hour":"19","minutes":"00","seconds":"00"},"end_date":"2026-05-08 21:00:00","end_date_details":{"year":"2026","month":"05","day":"08","hour":"21","minutes":"00","seconds":"00"},"utc_start_date":"2026-05-08 17:00:00","utc_start_date_details":{"year":"2026","month":"05","day":"08","hour":"17","minutes":"00","seconds":"00"},"utc_end_date":"2026-05-08 19:00:00","utc_end_date_details":{"year":"2026","month":"05","day":"08","hour":"19","minutes":"00","seconds":"00"},"timezone":"Europe\/Berlin","timezone_abbr":"CEST","cost":"","cost_details":{"currency_symbol":"\u20ac","currency_code":"EUR","currency_position":"prefix","values":[]},"website":"","show_map":false,"show_map_link":true,"hide_from_listings":false,"sticky":true,"featured":true,"categories":[{"name":"Wyst\u0119py","slug":"wystepy-pl","term_group":0,"term_taxonomy_id":80,"taxonomy":"tribe_events_cat","description":"","parent":0,"count":21,"filter":"raw","id":80,"urls":{"self":"https:\/\/cyrkus.eu\/pl\/wp-json\/tribe\/events\/v1\/categories\/80","collection":"https:\/\/cyrkus.eu\/pl\/wp-json\/tribe\/events\/v1\/categories"}}],"tags":[],"venue":{"id":7746,"author":"9","status":"publish","date":"2025-02-27 14:44:35","date_utc":"2025-02-27 13:44:35","modified":"2025-02-27 14:44:35","modified_utc":"2025-02-27 13:44:35","url":"https:\/\/cyrkus.eu\/miejsce-wydarzenia\/kuehlhaus-goerlitz\/","venue":"K\u00fchlhaus G\u00f6rlitz","slug":"kuehlhaus-goerlitz","address":"Am Bahnhof 2 Weinh\u00fcbel","city":"G\u00f6rlitz","country":"Germany","province":"Sachsen","zip":"02827","stateprovince":"Sachsen","json_ld":{"@type":"Place","name":"K\u00fchlhaus G\u00f6rlitz","description":"","url":"https:\/\/cyrkus.eu\/miejsce-wydarzenia\/kuehlhaus-goerlitz\/","address":{"@type":"PostalAddress","streetAddress":"Am Bahnhof 2 Weinh\u00fcbel","addressLocality":"G\u00f6rlitz","addressRegion":"Sachsen","postalCode":"02827","addressCountry":"Germany"},"telephone":"","sameAs":""},"show_map":true,"show_map_link":true,"global_id":"cyrkus.eu\/pl\/?id=7746","global_id_lineage":["cyrkus.eu\/pl\/?id=7746"]},"organizer":[{"id":123,"author":"3","status":"publish","date":"2016-03-27 11:32:36","date_utc":"0000-00-00 00:00:00","modified":"2016-03-27 11:32:36","modified_utc":"0000-00-00 00:00:00","url":"https:\/\/cyrkus.eu\/organizator\/kulturbruecken-goerlitz-e-v\/","organizer":"KulturBr\u00fccken G\u00f6rlitz e.V.","slug":"kulturbruecken-goerlitz-e-v","website":"kulturbruecken.eu","json_ld":{"@type":"Person","name":"KulturBr\u00fccken G\u00f6rlitz e.V.","description":"","url":"http:\/\/kulturbruecken.eu","telephone":"","email":"","sameAs":"http:\/\/kulturbruecken.eu"},"global_id":"cyrkus.eu\/pl\/?id=123","global_id_lineage":["cyrkus.eu\/pl\/?id=123"]}],"custom_fields":[],"json_ld":{"@context":"http:\/\/schema.org","@type":"Event","name":"Manage frei  CYRKUS G\u00f6rlitZgorzelec spotzka si\u0119 z JugendBlasOrchester:","description":"&lt;p&gt;Rhythmen f\u00fcr die passende Atmosph\u00e4re sorgen, zeigen unsere Artistinnen und Artisten ihr K\u00f6nnen in der ... &lt;a title=&quot;Manage frei  CYRKUS G\u00f6rlitZgorzelec spotzka si\u0119 z JugendBlasOrchester:&quot; class=&quot;read-more&quot; href=&quot;https:\/\/cyrkus.eu\/pl\/event\/manege-frei-cyrkus-goerlitzgorzelec-trifft-jugendblasorchester\/2026-05-08\/&quot; aria-label=&quot;Dowiedz si\u0119 wi\u0119cej o Manage frei  CYRKUS G\u00f6rlitZgorzelec spotzka si\u0119 z JugendBlasOrchester:&quot;&gt;Czytaj dalej&lt;\/a&gt;&lt;\/p&gt;\\n","image":"https:\/\/cyrkus.eu\/wp-content\/uploads\/2026\/02\/cyrkus-jbo.jpg","url":"https:\/\/cyrkus.eu\/pl\/event\/manege-frei-cyrkus-goerlitzgorzelec-trifft-jugendblasorchester\/2026-05-08\/","eventAttendanceMode":"https:\/\/schema.org\/OfflineEventAttendanceMode","eventStatus":"https:\/\/schema.org\/EventScheduled","startDate":"2026-05-08T19:00:00+02:00","endDate":"2026-05-08T21:00:00+02:00","location":{"@type":"Place","name":"K\u00fchlhaus G\u00f6rlitz","description":"","url":"https:\/\/cyrkus.eu\/miejsce-wydarzenia\/kuehlhaus-goerlitz\/","address":{"@type":"PostalAddress","streetAddress":"Am Bahnhof 2 Weinh\u00fcbel","addressLocality":"G\u00f6rlitz","addressRegion":"Sachsen","postalCode":"02827","addressCountry":"Germany"},"telephone":"","sameAs":""},"organizer":{"@type":"Person","name":"KulturBr\u00fccken G\u00f6rlitz e.V.","description":"","url":"http:\/\/kulturbruecken.eu","telephone":"","email":"","sameAs":"http:\/\/kulturbruecken.eu"},"performer":"Organization"},"is_virtual":false,"virtual_url":null,"virtual_video_source":""}